{"id":2225,"date":"2019-02-08T08:30:17","date_gmt":"2019-02-08T06:30:17","guid":{"rendered":"http:\/\/www.dasp.ro\/?p=2225"},"modified":"2019-02-11T12:08:53","modified_gmt":"2019-02-11T10:08:53","slug":"anunt-8-02-2018","status":"publish","type":"post","link":"https:\/\/www.dasp.ro\/es\/anunt-8-02-2018\/","title":{"rendered":"Anunt concurs 19.03.2019 pentru ocuparea unui post de inspector"},"content":{"rendered":"<p style=\"text-align: center;\"><a href=\"https:\/\/www.dasp.ro\/wp-content\/uploads\/2019\/02\/123.png\"><img fetchpriority=\"high\" decoding=\"async\" class=\"alignnone size-full wp-image-2227\" src=\"https:\/\/www.dasp.ro\/wp-content\/uploads\/2019\/02\/123.png\" alt=\"123\" width=\"693\" height=\"186\" srcset=\"https:\/\/www.dasp.ro\/wp-content\/uploads\/2019\/02\/123.png 693w, https:\/\/www.dasp.ro\/wp-content\/uploads\/2019\/02\/123-300x80.png 300w\" sizes=\"(max-width: 693px) 100vw, 693px\" \/><\/a><\/p>\n<h1 style=\"text-align: center;\"><strong>ANUN\u0162<\/strong><\/h1>\n<p>&nbsp;<\/p>\n<p>&nbsp;<\/p>\n<p style=\"text-align: center;\">Direc\u0163ia de Asisten\u0163\u0103 Social\u0103 a Municipiului Pite\u015fti, cu sediul \u00een bld. I.C. Br\u0103tianu nr. 56, Pite\u0219ti, jude\u021bul Arge\u0219, organizeaz\u0103 <strong>concurs de recrutare pentru ocuparea unei func\u021bii publice de execu\u021bie vacant\u0103 de inspector, clasa I, grad profesional superior din cadrul Serviciului Protec\u021bia Persoanelor cu Handicap \u0219i a Persoanelor V\u00e2rstnice.<\/strong><\/p>\n<p>&nbsp;<\/p>\n<p><strong>Probele de concurs<\/strong> se vor desf\u0103\u015fura la sediul Direc\u0163iei de Asisten\u0163\u0103 Social\u0103 a Municipiului Pite\u015fti, dup\u0103 cum urmeaz\u0103:<\/p>\n<p>&nbsp;<\/p>\n<ul>\n<li><strong>19.03.2019 ora 10<sup>00<\/sup>\u2013 proba scris\u0103;<\/strong><\/li>\n<li><strong>25.03.2019 ora 10<sup>00<\/sup>\u2013 interviul;<\/strong><\/li>\n<\/ul>\n<p>&nbsp;<\/p>\n<p><strong>Condi\u0163iile <\/strong>pe care trebuie s\u0103 le \u00eendeplineasc\u0103 participan\u0163ii la concurs sunt urm\u0103toarele:<\/p>\n<p><strong>\u00a0 \u00a0 \u00a0 \u00a0 &#8211;<\/strong>condi\u0163iile generale prev\u0103zute de art. 54 din Legea nr. 188\/1999 privind Statutul func\u0163ionarilor publici, republicat\u0103, cu modific\u0103rile \u015fi complet\u0103rile ulterioare;<\/p>\n<p><strong>\u00a0 \u00a0 \u00a0 \u00a0 &#8211;<\/strong>studii universitare de licen\u0163\u0103 absolvite cu diplom\u0103, respectiv studii superioare de lung\u0103 durat\u0103 absolvite cu diplom\u0103 de licen\u0163\u0103 sau echivalent\u0103 \u00een domeniul asisten\u021b\u0103 social\u0103;<\/p>\n<p><strong>\u00a0 \u00a0 \u00a0 \u00a0 &#8211;<\/strong>vechime in specialitatea studiilor necesar\u0103 exercit\u0103rii func\u0163iei publice: minimum 7 ani;<\/p>\n<p><strong>\u00a0<\/strong><\/p>\n<p>Condi\u0163iile generale prev\u0103zute de art. 54 din Legea nr. 188\/1999 privind Statutul func\u0163ionarilor publici, republicat\u0103, cu modific\u0103rile \u015fi complet\u0103rile ulterioare, sunt:<\/p>\n<p><strong>\u00a0<\/strong><\/p>\n<p><strong><em>a)<\/em><\/strong><em>are cet\u0103\u0163enia rom\u00e2n\u0103 \u015fi domiciliul \u00een Rom\u00e2nia;<\/em><\/p>\n<p><strong><em>b)<\/em><\/strong><em>cunoa\u015fte limba rom\u00e2n\u0103, scris \u015fi vorbit;<\/em><\/p>\n<p><strong><em>c)<\/em><\/strong><em>are v\u00e2rsta de minimum 18 ani \u00eemplini\u0163i;<\/em><\/p>\n<p><strong><em>d)<\/em><\/strong><em>are capacitate deplin\u0103 de exerci\u0163iu;<\/em><\/p>\n<p><strong><em>e)<\/em><\/strong><em>are o stare de s\u0103n\u0103tate corespunz\u0103toare func\u0163iei publice pentru care candideaz\u0103, atestat\u0103 pe baz\u0103 de examen medical de specialitate;<\/em><\/p>\n<p><strong><em>f)<\/em><\/strong><em>\u00eendepline\u015fte condi\u0163iile de studii prev\u0103zute de lege pentru func\u0163ia public\u0103;<\/em><\/p>\n<p><strong><em>g)<\/em><\/strong><em>\u00eendepline\u015fte condi\u0163iile specifice pentru ocuparea func\u0163iei publice;<\/em><\/p>\n<p><strong><em>h)<\/em><\/strong><em>nu a fost condamnat\u0103 pentru s\u0103v\u00e2r\u0219irea unei infrac\u021biuni contra umanit\u0103\u021bii, contra statului sau contra\u00a0 autorit\u0103\u021bii, infrac\u021biuni de corup\u021bie \u0219i de serviciu, infrac\u021biuni care \u00eempiedic\u0103 \u00eenf\u0103ptuirea justi\u021biei, infrac\u021biuni de fals ori a unei infrac\u021biuni s\u0103v\u00e2r\u0219ite cu inten\u021bie care ar face-o incompatibil\u0103 cu exercitarea func\u021biei publice;<\/em><\/p>\n<p><strong><em>i)<\/em><\/strong><em>nu a fost destituit\u0103 dintr-o func\u0163ie public\u0103 sau nu i-a \u00eencetat contractul individual de munc\u0103 pentru motive disciplinare \u00een ultimii 7 ani;<\/em><\/p>\n<p><strong><em>j)<\/em><\/strong><em>nu a desf\u0103\u015furat activitate de poli\u0163ie politic\u0103, astfel cum este definit\u0103 prin lege.<\/em><\/p>\n<p><em>\u00a0<\/em><\/p>\n<p>Dosarele de \u00eenscriere la concurs se pot depune la sediul Direc\u0163iei de Asisten\u0163\u0103 Social\u0103 a Municipiului Pite\u015fti, \u00een perioada 08.02.2019-27.02.2019.<\/p>\n<p>&nbsp;<\/p>\n<p>Dosarul de \u00eenscriere la concurs va con\u021bine \u00een mod obligatoriu, conform prevederilor art. 49 din HGR nr. 611\/2008, cu modific\u0103rile \u0219i complet\u0103rile ulterioare, urm\u0103toarele documente:<\/p>\n<p>a)formularul de \u00eenscriere ;<\/p>\n<p>b)curriculum vitae, modelul comun european;<\/p>\n<p>c)copia actului de identitate;<\/p>\n<p>d)copii ale diplomelor de studii, certificatelor \u015fi altor documente care atest\u0103 efectuarea unor specializ\u0103ri \u0219i perfec\u021bion\u0103ri;<\/p>\n<p>e)copie a diplomei de master sau de studii postuniversitare \u00een domeniul administra\u021biei publice, management ori \u00een specialitatea studiilor necesare exercit\u0103rii func\u021biei publice, dup\u0103 caz;<\/p>\n<p>f)copia carnetului de munc\u0103 \u0219i dup\u0103 caz, a adeverin\u0163ei eliberate de angajator pentru perioada lucrat\u0103, care s\u0103 ateste vechimea \u00een munc\u0103 \u015fi, dup\u0103 caz, \u00een specialitatea studiilor necesare ocup\u0103rii func\u0163iei publice;<\/p>\n<p>g) copia adeverin\u0163ei care atest\u0103 starea de s\u0103n\u0103tate corespunz\u0103toare, eliberat\u0103 cu cel mult 6 luni anterior derul\u0103rii concursului de c\u0103tre medicul de familie al candidatului;<\/p>\n<p>h)copia adeverin\u021bei care atest\u0103 starea de s\u0103n\u0103tate corespunz\u0103toare pentru efort fizic, \u00een cazul func\u021biilor publice pentru a c\u0103ror ocupare este necesar\u0103 \u00eendeplinirea unor condi\u021bii specifice care implic\u0103 efort fizic \u0219i se testeaz\u0103 prin prob\u0103 suplimentar\u0103;<\/p>\n<p>i)cazierul judiciar;<\/p>\n<p>j)declara\u0163ia pe propria r\u0103spundere sau adeverin\u0163a care s\u0103 ateste calitatea sau lipsa calit\u0103\u021bii de lucr\u0103tor al Securit\u0103\u021bii sau colaborator al acesteia.<\/p>\n<p>Adeverin\u0163a care atest\u0103 starea de s\u0103n\u0103tate con\u0163ine, \u00een clar, num\u0103rul, data, numele emitentului \u015fi calitatea acestuia, \u00een formatul standard stabilit de Ministerul S\u0103n\u0103t\u0103\u0163ii Publice.<\/p>\n<p><em>Copiile de pe actele prev\u0103zute mai sus se prezint\u0103 \u00een copii legalizate sau \u00eenso\u021bite de documentele originale, care se certific\u0103 pentru conformitatea cu originalul de c\u0103tre secretarul comisiei de concurs, cu excep\u021bia actului de identitate, care se poate transmite \u0219i \u00een format electronic, la adresa de e-mail dasp@dasp.ro.<\/em><\/p>\n<p><em>Documentul prev\u0103zut la lit. i) poate fi \u00eenlocuit cu o declara\u0163ie pe propria r\u0103spundere. \u00cen acest caz, candidatul declarat admis la selec\u0163ia dosarelor \u0219i care nu a solicitat expres la \u00eenscrierea la concurs preluarea informa\u021biilor direct de la autoritatea sau institu\u021bia public\u0103 competent\u0103 are obliga\u0163ia de a completa dosarul de concurs cu originalul documentului pe tot parcursul desf\u0103\u015fur\u0103rii concursului, dar nu mai t\u00e2rziu de data \u0219i ora organiz\u0103rii interviului, sub sanc\u021biunea neemiterii actului administrativ de numire.<\/em><\/p>\n<p><em>\u00a0<\/em><\/p>\n<p><strong>\u00a0<\/strong><\/p>\n<p><strong>Atributiile prev\u0103zute \u00een fisa postului: <\/strong><\/p>\n<p>&nbsp;<\/p>\n<p>-efectueaz\u0103 \u015fi r\u0103spunde de aplicarea prevederilor Legii nr.448\/2006 privind protec\u0163ia \u015fi promovarea drepturilor persoanelor cu handicap respectiv:<\/p>\n<p>-monitorizeaz\u0103 activitatea asisten\u0163ilor personali prin vizite periodice la domiciliul persoanelor cu handicap grav pe care le \u00eengrijesc;<\/p>\n<p>-\u00eentocme\u0219te anchete sociale pentru persoanele care doresc s\u0103 fie angajate \u00een func\u021bia de asisten\u021bi personali;<\/p>\n<p>-consiliaz\u0103 asisten\u021bii personali \u0219i bolnavii acestora, \u00een caz de necesitate;<\/p>\n<p>&#8211; \u00eentocme\u015fte fi\u015fele de evaluare pentru asisten\u0163ii personali ai persoanelor cu handicap grav;<\/p>\n<p>&#8211; desf\u0103\u015foar\u0103 activit\u0103\u0163i specifice privind culegerea \u015fi prelucrarea datelor \u00een vederea \u00eentocmirii de anchete sociale pentru \u00eencadrarea \u00een grad de handicap a persoanelor minore sau revizuirii certificatelor de \u00eencadrare,<\/p>\n<p>-\u00eentocme\u0219te anchete sociale privind internarea \u00een centre de \u00eengrijire specializate a persoanelor cu handicap;<\/p>\n<p>&#8211; se deplaseaz\u0103 \u00een teren \u015fi ia m\u0103surile necesare pentru \u00eentocmirea anchetelor sociale pentru persoanele cu handicap care au renuntat la asistent personal \u015fi opteaz\u0103 s\u0103 beneficieze de indemniza\u0163ie;<\/p>\n<p>&#8211; \u00eentocme\u015fte \u015fi elibereaz\u0103 adeverin\u0163ele solicitate de beneficiarii de indemniza\u0163ie;<\/p>\n<p>&#8211; prime\u015fte \u015fi verific\u0103 dosarele pentru acordarea indemniza\u0163iei pentru persoanele care au renun\u0163at la asistent personal;<\/p>\n<p>-informeaz\u0103 solicitan\u0163ii cu privire la drepturile \u015fi obliga\u0163iile prev\u0103zute de legisla\u0163ia \u00een vigoare \u00een domeniul persoanelor cu dizabilit\u0103\u0163i;<\/p>\n<p>-efectueaz\u0103 \u015fi r\u0103spunde de aplicarea prevederilor Legii nr.17\/2000, privind asisten\u0163a social\u0103 a persoanelor v\u00e2rstnice, respectiv desf\u0103soar\u0103 activit\u0103\u0163i specifice privind culegerea \u015fi prelucrarea datelor \u00een vederea \u00eentocmirii de anchete sociale necesare pentru internarea persoanelor v\u00e2rstnice \u00een centre de \u00eengrijire \u015fi asisten\u0163\u0103 sau \u00een centre medico-sociale;<\/p>\n<p>-efectueaz\u0103 \u015fi r\u0103spunde de aplicarea prevederilor Ordinului nr. 1985\/2016 privind aprobarea metodologiei pentru evaluarea \u015fi interven\u0163ia integrat\u0103 \u00een vederea \u00eencadr\u0103rii copiilor cu dizabilit\u0103\u0163i \u00een grad de handicap, a orient\u0103rii \u015fcolare \u015fi profesionale a copiilor cu cerin\u0163e educa\u0163ionale speciale, precum \u015fi \u00een vederea abilit\u0103rii \u015fi reabilit\u0103rii copiilor cu dizabilit\u0103\u0163i \u015fi\/sau cerin\u0163e educa\u0163ionale speciale, respectiv:<\/p>\n<p>a)-efectuarea evalu\u0103rii ini\u021biale \u0219i informarea p\u0103rin\u0163ilor sau a reprezentantului legal cu privire la:<\/p>\n<p><strong>\u00a0\u00a0\u00a0\u00a0\u00a0\u00a0 &#8211;<\/strong>drepturile legale de care beneficiaz\u0103 copilul \u015fi familia, dac\u0103 se solicit\u0103 \u00eencadrarea \u00een grad de<\/p>\n<p>handicap;<\/p>\n<p><strong>\u00a0\u00a0\u00a0\u00a0\u00a0\u00a0\u00a0 &#8211;<\/strong>dreptul la educa\u0163ie de care beneficiaz\u0103 copilul \u00een urma orient\u0103rii \u015fcolare \u015fi profesionale;<\/p>\n<p><strong>\u00a0\u00a0\u00a0\u00a0\u00a0\u00a0\u00a0 &#8211;<\/strong>importan\u0163a abilit\u0103rii-reabilit\u0103rii copilului pentru dezvoltarea acestuia \u015fi posibilitatea de a<\/p>\n<p>beneficia de planificarea beneficiilor, serviciilor \u015fi interven\u0163iilor;<\/p>\n<p><strong>\u00a0\u00a0\u00a0\u00a0\u00a0\u00a0 &#8211;<\/strong>actele necesare \u00eentocmirii dosarului pentru \u00eencadrarea \u00een grad de handicap, traseul \u015fi<\/p>\n<p>procedurile de ob\u0163inere a acestor acte;<\/p>\n<p><strong>\u00a0\u00a0\u00a0\u00a0\u00a0\u00a0 &#8211;<\/strong>actele necesare \u00eentocmirii dosarului pentru orientarea \u015fcolar\u0103 \u015fi profesional\u0103, traseul \u015fi<\/p>\n<p>procedurile de ob\u0163inere a acestor acte.<\/p>\n<p>b) \u00eentocmirea raportului de evaluare ini\u0163ial\u0103 pentru copiii care nu au certificate de \u00eencadrare \u00een<\/p>\n<p>grad de handicap sau de orientare \u0219colar\u0103;<\/p>\n<p>c) efectuarea evalu\u0103rii sociale \u0219i \u00eentocmirea anchetei sociale\/rapoartelor de vizit\u0103,<\/p>\n<p>efectuarea vizitelor de monitorizare a copiilor pentru care s-a aprobat un plan de abilitare-<\/p>\n<p>reabilitare \u0219i \u00eentocmirea planului de monitorizare semestrial;<\/p>\n<p>d) actualizarea bazei de date privind minorii \u00eencadra\u021bi \u00een grad de handicap;<\/p>\n<p>e) efectuarea procedurilor necesare transmiterii rapoartelor de monitorizare\/contractelor cu<\/p>\n<p>familia\/actelor adi\u021bionale;<\/p>\n<p>f) ini\u0163iaz\u0103 procedurile privind interven\u0163ia \u00een caz de violen\u0163\u0103 asupra copilului, colaboreaz\u0103 cu managerul de caz din cadrul D.G.A.S.P.C. Arge\u0219 \u0219i cu al\u021bi specialisti implica\u021bi.<\/p>\n<p><strong>\u00a0\u00a0\u00a0\u00a0\u00a0\u00a0\u00a0\u00a0<\/strong>-colaboreaz\u0103 cu Direc\u0163ia General\u0103 de Asisten\u0163\u0103 Social\u0103 \u015fi Protec\u0163ia Copilului \u015fi desf\u0103\u0219oar\u0103 \u00eempreun\u0103 activit\u0103\u0163i specifice \u00een domeniul protec\u0163iei persoanei cu handicap;<\/p>\n<p><strong>\u00a0\u00a0\u00a0\u00a0\u00a0\u00a0\u00a0\u00a0<\/strong>-colaboreaz\u0103 cu alte institu\u0163ii, organisme \u015fi organiza\u0163ii care desf\u0103soar\u0103 activit\u0103\u0163i specifice \u00een domeniul protec\u0163iei speciale a persoanelor cu handicap\/v\u00e2rstnice \u00een scopul \u00eembun\u0103t\u0103\u0163irii condi\u0163iilor de via\u0163\u0103 a acestora;<\/p>\n<p><strong>\u00a0\u00a0\u00a0\u00a0\u00a0\u00a0\u00a0\u00a0<\/strong>-desf\u0103\u0219oar\u0103 activit\u0103\u021bi specifice privind protec\u021bia persoanelor cu tulbur\u0103ri psihice;<\/p>\n<p><strong>\u00a0\u00a0\u00a0\u00a0\u00a0\u00a0\u00a0\u00a0<\/strong>-verific\u0103 documenta\u0163ia de acordare de subven\u0163ii pentru asocia\u0163ii \u015fi funda\u0163ii care \u00eenfiin\u0163eaz\u0103 \u015fi administreaz\u0103 unit\u0103\u0163i de asisten\u0163\u0103 social\u0103, conform legisla\u0163iei \u00een vigoare \u0219i \u00eentocme\u0219te rapoartele \u0219i referatele necesare acord\u0103rii tran\u0219elor b\u0103ne\u0219ti, conform conven\u021biilor \u00eencheiate;<\/p>\n<p><strong>\u00a0\u00a0\u00a0\u00a0\u00a0\u00a0\u00a0\u00a0<\/strong>-desf\u0103\u015foar\u0103 activit\u0103\u0163i specifice privind culegerea \u015fi prelucrarea datelor \u00een vederea \u00eentocmirii de anchete sociale solicitate de Comisia de Expertiz\u0103 Medical\u0103 \u015fi Recuperare a Capacit\u0103\u0163ii de Munc\u0103;<\/p>\n<p><strong>\u00a0\u00a0\u00a0\u00a0\u00a0\u00a0\u00a0\u00a0<\/strong>-r\u0103spunde de preluarea \u015fi sc\u0103derea coresponden\u0163ei repartizat\u0103;<\/p>\n<p><strong>\u00a0\u00a0\u00a0\u00a0\u00a0\u00a0\u00a0\u00a0<\/strong>-r\u0103spunde de aducerea la \u00eendeplinire a hot\u0103r\u00e2rilor consiliului local, a dispozi\u0163iilor primarului \u015fi a deciziilor directorului executiv;<\/p>\n<p><strong>\u00a0\u00a0\u00a0\u00a0\u00a0\u00a0\u00a0\u00a0<\/strong>-se preocup\u0103 de \u00eembun\u0103t\u0103\u0163irea continu\u0103 a modului \u00een care lucreaz\u0103;<\/p>\n<p><strong>\u00a0\u00a0\u00a0\u00a0\u00a0\u00a0\u00a0\u00a0<\/strong>-r\u0103spunde de p\u0103strarea secretului de stat, secretului de serviciu, precum \u015fi de confiden\u0163ialitatea \u00een leg\u0103tur\u0103 cu faptele, informa\u0163iile sau documentele de care ia cunostin\u0163\u0103 \u00een exercitarea func\u0163iei publice, \u00een condi\u0163iile legii, cu excep\u0163ia informa\u0163iilor de interes public;<\/p>\n<p><strong>\u00a0\u00a0\u00a0\u00a0\u00a0\u00a0\u00a0\u00a0<\/strong>-observ\u0103 tendin\u0163ele sociale, economice \u015fi politice care pot influen\u0163a activitatea organiza\u0163iei \u015fi face recomand\u0103ri pentru \u00eembun\u0103ta\u0163irea acesteia;<\/p>\n<p><strong>\u00a0\u00a0\u00a0\u00a0\u00a0\u00a0\u00a0\u00a0<\/strong>-r\u0103spunde de aplicarea prevederilor din manualul sistemului de management al calit\u0103\u0163ii, din procedurile de sistem \u015fi din procedurile opera\u0163ionale specifice domeniului s\u0103u de activitate;<\/p>\n<p><strong>\u00a0\u00a0\u00a0\u00a0\u00a0\u00a0\u00a0\u00a0<\/strong>-respect\u0103 cerin\u0163ele impuse de Ordinului 600\/2018 pentru aprobarea Codului controlului intern managerial al entit\u0103\u0163ilor publice;<\/p>\n<p><strong>\u00a0\u00a0\u00a0\u00a0\u00a0\u00a0\u00a0\u00a0<\/strong>-identific\u0103, raporteaz\u0103 \u015fi trateaz\u0103 conform procedurilor aprobate, produsele neconforme;<\/p>\n<p><strong>\u00a0\u00a0\u00a0\u00a0\u00a0\u00a0\u00a0\u00a0<\/strong>-r\u0103spunde de respectarea normelor de asigurare a s\u0103n\u0103t\u0103\u0163ii \u015fi securit\u0103\u0163ii \u00een munc\u0103 \u015fi de Situa\u0163ii de urgen\u0163\u0103.;<\/p>\n<p><strong>\u00a0\u00a0\u00a0\u00a0\u00a0\u00a0\u00a0\u00a0<\/strong>-r\u0103spunde de arhivarea \u015fi p\u0103strarea \u00een condi\u0163ii de siguran\u0163\u0103 a documentelor pe care le \u00eentocme\u015fte sau\/\u015fi cu care lucreaz\u0103;<\/p>\n<p><strong>\u00a0\u00a0\u00a0\u00a0\u00a0\u00a0\u00a0\u00a0<\/strong>-r\u0103spunde pentru folosirea integral\u0103 \u015fi eficient\u0103 a timpului de lucru;<\/p>\n<p><strong>\u00a0\u00a0\u00a0\u00a0\u00a0\u00a0\u00a0\u00a0<\/strong>-r\u0103spunde pentru cunoa\u015fterea \u015fi aplicarea corect\u0103 a prevederilor legale \u00een domeniul s\u0103u de activitate;<\/p>\n<p><strong>\u00a0\u00a0\u00a0\u00a0\u00a0\u00a0\u00a0\u00a0<\/strong>-sesizeaz\u0103 \u015fefilor ierarhici, ori de c\u00e2te ori constat\u0103, st\u0103ri de lucru anormale;<\/p>\n<p><strong>\u00a0\u00a0\u00a0\u00a0\u00a0\u00a0\u00a0\u00a0<\/strong>-\u00een rela\u0163iile cu publicul ofer\u0103 servicii de calitate, r\u0103spunz\u00e2nd prompt solicit\u0103rilor cet\u0103\u0163enilor;<\/p>\n<p><strong>\u00a0\u00a0\u00a0\u00a0\u00a0\u00a0\u00a0\u00a0<\/strong>-se preocup\u0103 pentru preg\u0103tirea profesional\u0103 continu\u0103;<\/p>\n<p><strong>\u00a0\u00a0\u00a0\u00a0\u00a0\u00a0\u00a0\u00a0<\/strong>-respect\u0103 prevederile Regulamentului de organizare \u015fi func\u0163ionare;<\/p>\n<p><strong>\u00a0\u00a0\u00a0\u00a0\u00a0\u00a0\u00a0\u00a0<\/strong>-respect\u0103 prevederile Regulamentului de ordine interioar\u0103;<\/p>\n<p><strong>\u00a0\u00a0\u00a0\u00a0\u00a0\u00a0\u00a0\u00a0<\/strong>-respect\u0103 prevederile Codului de Conduit\u0103 elaborat de Direc\u0163ia de Asisten\u0163\u0103 Social\u0103 a Municipiului Pite\u015fti;<\/p>\n<p><strong>\u00a0\u00a0\u00a0\u00a0\u00a0\u00a0\u00a0\u00a0<\/strong>-particip\u0103, la solicitarea superiorilor ierarhici, \u00een timpul programului normal de lucru sau dup\u0103 program, la diferite ac\u0163iuni organizate de direc\u0163ie sau prim\u0103rie;<\/p>\n<p><strong>\u00a0\u00a0\u00a0\u00a0\u00a0\u00a0\u00a0\u00a0<\/strong>-\u00eendepline\u015fte orice alte atribu\u0163ii prev\u0103zute de lege sau dispuse de superiorii ierarhici.<\/p>\n<p><strong>\u00a0<\/strong><\/p>\n<p><strong>Bibliografia:<\/strong><\/p>\n<p>&nbsp;<\/p>\n<ol>\n<li>Constitu\u021bia Rom\u00e2niei, republicat\u0103;<\/li>\n<li>Legea nr. 215\/2001, a administra\u021biei publice locale, republicat\u0103, cu modific\u0103rile \u0219i complet\u0103rile ulterioare;<\/li>\n<li>Legea nr. 188\/1999 privind Statutul func\u021bionarilor publici, republicat\u0103 (2), cu modific\u0103rile \u0219i complet\u0103rile ulterioare;<\/li>\n<li>Legea nr. 7\/2004 privind Codul de conduit\u0103 al func\u021bionarilor publici, republicat\u0103;<\/li>\n<li>Legea nr. 448\/2006 privind protec\u021bia \u0219i promovarea drepturilor persoanelor cu handicap, republicat\u0103, cu modific\u0103rile \u0219i complet\u0103rile ulterioare;<\/li>\n<li>H.G.R. nr. 268\/2007 pentru aprobarea Normelor metodologice de aplicare a prevederilor Legii nr. 448\/2006 privind protec\u021bia \u0219i promovarea drepturilor persoanelor cu handicap;<\/li>\n<li>Ordin nr. 1985\/2016 privind aprobarea metodologiei pentru evaluarea \u0219i interven\u021bia integrat\u0103 \u00een vederea \u00eencadr\u0103rii copiilor cu dizabilit\u0103\u021bi \u00een grad de handicap, a orient\u0103rii \u0219colare \u0219i profesionale a copiilor cu cerin\u021be educa\u021bionale speciale, precum \u0219i \u00een vederea abilit\u0103rii \u0219i reabilit\u0103rii copiilor cu dizabilit\u0103\u021bi \u0219i\/sau cerin\u021be educa\u021bionale speciale;<\/li>\n<\/ol>\n<p>&nbsp;<\/p>\n<p>&nbsp;<\/p>\n<p>&nbsp;<\/p>\n<p>Not\u0103: toate actele normative vor fi avute \u00een vedere \u00een forma aflat\u0103 \u00een vigoare la data examenului\/concursului cu toate republic\u0103rile, modific\u0103rile, complet\u0103rile \u015fi abrog\u0103rile.<\/p>\n<p>&nbsp;<\/p>\n<p><strong>Documentele de \u00eenscriere la concurs vor fi cuprinse \u00eentr-un dosar cu \u0219in\u0103, \u00een ordinea prezentat\u0103 \u00een anun\u021b.<\/strong><\/p>\n<p>&nbsp;<\/p>\n<p>Rela\u021bii suplimentare se pot ob\u021bine la sediul Direc\u0163iei de Asisten\u0163\u0103 Social\u0103 a Municipiului Pite\u015fti \u0219i la telefon 0372030420 int. 106.<\/p>\n<p><strong>\u00a0<\/strong><\/p>\n<p><strong>\u00a0\u00a0\u00a0\u00a0\u00a0\u00a0\u00a0\u00a0\u00a0\u00a0\u00a0\u00a0\u00a0\u00a0\u00a0\u00a0\u00a0\u00a0\u00a0\u00a0\u00a0\u00a0\u00a0 <\/strong><\/p>\n<p><strong>\u00a0<\/strong><\/p>\n<p>DIRECTOR EXECUTIV\u00a0\u00a0\u00a0\u00a0\u00a0\u00a0\u00a0\u00a0\u00a0\u00a0\u00a0\u00a0\u00a0\u00a0\u00a0\u00a0\u00a0\u00a0\u00a0\u00a0 \u00a0\u00a0\u00a0\u00a0\u00a0\u00a0\u00a0\u00a0\u00a0\u00a0\u00a0\u00a0\u00a0\u00a0\u00a0\u00a0\u00a0\u00a0\u00a0\u00a0\u00a0\u00a0\u00a0\u00a0\u0218EF SERVICIU<\/p>\n<p>Iancu Sorin\u00a0\u00a0\u00a0\u00a0\u00a0\u00a0\u00a0\u00a0\u00a0\u00a0\u00a0\u00a0\u00a0\u00a0\u00a0\u00a0\u00a0\u00a0\u00a0\u00a0\u00a0\u00a0\u00a0\u00a0\u00a0\u00a0\u00a0\u00a0\u00a0\u00a0\u00a0\u00a0\u00a0\u00a0\u00a0\u00a0\u00a0\u00a0\u00a0\u00a0\u00a0\u00a0\u00a0\u00a0 \u00a0Personal, Juridic, Securitatea Muncii<\/p>\n<p>Sima M\u0103d\u0103lina Elena<\/p>\n<p>&nbsp;<\/p>\n<p>Red\/Dact. MGF\/3ex.<\/p>\n<hr \/>\n<p>&nbsp;<\/p>\n<p>&nbsp;<\/p>\n<p>&nbsp;<\/p>\n<p style=\"text-align: center;\">FORMULAR\u00a0DE \u00ceNSCRIERE<\/p>\n<p>&nbsp;<\/p>\n<p>&nbsp;<\/p>\n<p>Autoritatea sau institu\u0163ia public\u0103 &#8230;&#8230;&#8230;&#8230;&#8230;&#8230;&#8230;&#8230;&#8230;&#8230;&#8230;&#8230;&#8230;&#8230;&#8230;&#8230;&#8230;&#8230;&#8230;&#8230;&#8230;&#8230;..<\/p>\n<p>&nbsp;<\/p>\n<table>\n<tbody>\n<tr>\n<td width=\"619\">Func\u0163ia public\u0103 solicitat\u0103:<\/td>\n<\/tr>\n<tr>\n<td width=\"619\">Data organiz\u0103rii concursului:<\/td>\n<\/tr>\n<tr>\n<td width=\"619\">Numele \u015fi prenumele candidatului:<\/td>\n<\/tr>\n<tr>\n<td width=\"619\">Datele de contact ale candidatului (se utilizeaz\u0103 pentru comunicarea cu privire la concurs):<\/td>\n<\/tr>\n<tr>\n<td width=\"619\">Adres\u0103:<\/td>\n<\/tr>\n<tr>\n<td width=\"619\">E-mail:<\/td>\n<\/tr>\n<tr>\n<td width=\"619\">Telefon: \u00a0\u00a0\u00a0\u00a0\u00a0\u00a0\u00a0\u00a0\u00a0\u00a0\u00a0\u00a0\u00a0\u00a0\u00a0\u00a0\u00a0\u00a0\u00a0\u00a0\u00a0\u00a0\u00a0\u00a0\u00a0\u00a0\u00a0\u00a0\u00a0\u00a0\u00a0\u00a0\u00a0\u00a0\u00a0\u00a0\u00a0\u00a0\u00a0\u00a0\u00a0\u00a0\u00a0\u00a0\u00a0\u00a0\u00a0\u00a0\u00a0\u00a0\u00a0\u00a0\u00a0\u00a0\u00a0\u00a0\u00a0Fax:<\/td>\n<\/tr>\n<\/tbody>\n<\/table>\n<p>&nbsp;<\/p>\n<p><strong>Studii generale \u015fi de specialitate<\/strong>:<\/p>\n<p>&nbsp;<\/p>\n<p>Studii medii liceale sau postliceale:<\/p>\n<p>&nbsp;<\/p>\n<table width=\"627\">\n<tbody>\n<tr>\n<td width=\"195\">Institu\u0163ia<\/td>\n<td width=\"144\">Perioada<\/td>\n<td width=\"285\">Diploma ob\u0163inut\u0103<\/td>\n<\/tr>\n<tr>\n<td width=\"195\"><\/td>\n<\/tr>\n<tr>\n<td width=\"195\"><\/td>\n<\/tr>\n<tr>\n<td width=\"195\"><\/td>\n<\/tr>\n<\/tbody>\n<\/table>\n<p><strong>\u00a0<\/strong><\/p>\n<p>Studii superioare de scurt\u0103 durat\u0103:<\/p>\n<p>&nbsp;<\/p>\n<table width=\"627\">\n<tbody>\n<tr>\n<td width=\"195\">Institu\u0163ia<\/td>\n<td width=\"144\">Perioada<\/td>\n<td width=\"285\">Diploma ob\u0163inut\u0103<\/td>\n<\/tr>\n<tr>\n<td width=\"195\"><\/td>\n<\/tr>\n<tr>\n<td width=\"195\"><\/td>\n<\/tr>\n<tr>\n<td width=\"195\"><\/td>\n<\/tr>\n<\/tbody>\n<\/table>\n<p>&nbsp;<\/p>\n<p>&nbsp;<\/p>\n<p>Studii superioare de lung\u0103 durat\u0103:<\/p>\n<table width=\"627\">\n<tbody>\n<tr>\n<td width=\"195\">Institu\u0163ia<\/td>\n<td width=\"144\">Perioada<\/td>\n<td width=\"285\">Diploma ob\u0163inut\u0103<\/td>\n<\/tr>\n<tr>\n<td width=\"195\"><\/td>\n<\/tr>\n<tr>\n<td width=\"195\"><\/td>\n<\/tr>\n<tr>\n<td width=\"195\"><\/td>\n<\/tr>\n<\/tbody>\n<\/table>\n<p>&nbsp;<\/p>\n<p>&nbsp;<\/p>\n<p>&nbsp;<\/p>\n<p>&nbsp;<\/p>\n<p>Studii postuniversitare, masterat sau doctorat:<\/p>\n<table width=\"627\">\n<tbody>\n<tr>\n<td width=\"195\">Institu\u0163ia<\/td>\n<td width=\"144\">Perioada<\/td>\n<td width=\"285\">Diploma ob\u0163inut\u0103<\/td>\n<\/tr>\n<tr>\n<td width=\"195\"><\/td>\n<\/tr>\n<tr>\n<td width=\"195\"><\/td>\n<\/tr>\n<tr>\n<td width=\"195\"><\/td>\n<\/tr>\n<\/tbody>\n<\/table>\n<p>&nbsp;<\/p>\n<p>Alte tipuri de studii:<\/p>\n<table width=\"627\">\n<tbody>\n<tr>\n<td width=\"195\">Institu\u0163ia<\/td>\n<td width=\"144\">Perioada<\/td>\n<td width=\"285\">Diploma ob\u0163inut\u0103<\/td>\n<\/tr>\n<tr>\n<td width=\"195\"><\/td>\n<\/tr>\n<tr>\n<td width=\"195\"><\/td>\n<\/tr>\n<tr>\n<td width=\"195\"><\/td>\n<\/tr>\n<\/tbody>\n<\/table>\n<p><strong>\u00a0<\/strong><\/p>\n<p><strong>\u00a0\u00a0\u00a0\u00a0<\/strong><strong>Limbi str\u0103ine<sup>1)<\/sup>:<\/strong><\/p>\n<table width=\"624\">\n<tbody>\n<tr>\n<td width=\"129\">Limba<\/td>\n<td width=\"154\">Scris<\/td>\n<td width=\"123\">Citit<\/td>\n<td width=\"217\">Vorbit<\/td>\n<\/tr>\n<\/tbody>\n<\/table>\n<p>&nbsp;<\/p>\n<p>&nbsp;<\/p>\n<table>\n<tbody>\n<tr>\n<td width=\"619\"><strong>Cuno\u015ftin\u0163e operare calculator<sup>2)<\/sup>:<\/strong><strong>\u00a0<\/strong><\/td>\n<\/tr>\n<\/tbody>\n<\/table>\n<p>&nbsp;<\/p>\n<p><strong>Cariera profesional\u0103<sup>3)<\/sup>:<\/strong><\/p>\n<table width=\"618\">\n<tbody>\n<tr>\n<td width=\"6\"><\/td>\n<\/tr>\n<tr>\n<td width=\"167\">Perioada<\/td>\n<td width=\"132\">Institu\u0163ia\/Firma<\/td>\n<td width=\"132\">Func\u0163ia<\/td>\n<td width=\"180\">Principalele responsabilit\u0103\u0163i<\/td>\n<\/tr>\n<tr>\n<td width=\"180\"><\/td>\n<\/tr>\n<tr>\n<td width=\"180\"><\/td>\n<\/tr>\n<tr>\n<td width=\"180\"><\/td>\n<\/tr>\n<tr>\n<td width=\"180\"><\/td>\n<\/tr>\n<tr>\n<td width=\"180\"><\/td>\n<\/tr>\n<tr>\n<td width=\"180\"><\/td>\n<\/tr>\n<\/tbody>\n<\/table>\n<p>&nbsp;<\/p>\n<p><strong>Detalii despre ultimul loc de munc\u0103<sup>4)<\/sup>:<\/strong><strong>\u00a0<\/strong><\/p>\n<p><strong>\u00a0<\/strong><\/p>\n<ol>\n<li>. . . . . . . . . .<\/li>\n<\/ol>\n<p>&nbsp;<\/p>\n<ol start=\"2\">\n<li>. . . . . . . . . .<\/li>\n<\/ol>\n<p><strong>Persoane de contact pentru recomand\u0103ri<sup>5)<\/sup>:<\/strong><\/p>\n<p>&nbsp;<\/p>\n<table>\n<tbody>\n<tr>\n<td width=\"155\">Nume \u015fi prenume<\/td>\n<td width=\"155\">Institu\u0163ia<\/td>\n<td width=\"155\">Func\u0163ia<\/td>\n<td width=\"155\">Num\u0103r de telefon<\/td>\n<\/tr>\n<tr>\n<td width=\"155\"><\/td>\n<td width=\"155\"><\/td>\n<td width=\"155\"><\/td>\n<td width=\"155\"><\/td>\n<\/tr>\n<tr>\n<td width=\"155\"><\/td>\n<td width=\"155\"><\/td>\n<td width=\"155\"><\/td>\n<td width=\"155\"><\/td>\n<\/tr>\n<tr>\n<td width=\"155\"><\/td>\n<td width=\"155\"><\/td>\n<td width=\"155\"><\/td>\n<td width=\"155\"><\/td>\n<\/tr>\n<tr>\n<td width=\"155\"><\/td>\n<td width=\"155\"><\/td>\n<td width=\"155\"><\/td>\n<td width=\"155\"><\/td>\n<\/tr>\n<tr>\n<td width=\"155\"><\/td>\n<td width=\"155\"><\/td>\n<td width=\"155\"><\/td>\n<td width=\"155\"><\/td>\n<\/tr>\n<\/tbody>\n<\/table>\n<p>&nbsp;<\/p>\n<p><strong>Declara\u0163ii pe propria r\u0103spundere<sup>6)<\/sup><\/strong><strong>\u00a0<\/strong><\/p>\n<p>Subsemnatul(a) &#8230;&#8230;&#8230;&#8230;&#8230;&#8230;&#8230;&#8230;&#8230;&#8230;&#8230;&#8230;&#8230;&#8230;&#8230;&#8230;&#8230;&#8230;&#8230;&#8230;&#8230;&#8230;., legitimat(\u0103) cu CI\/BI seria &#8230;&#8230;&#8230; num\u0103rul &#8230;&#8230;&#8230;&#8230;&#8230;&#8230;., eliberat(\u0103) de &#8230;&#8230;&#8230;&#8230;&#8230;&#8230;&#8230;&#8230;&#8230;.. la data de &#8230;&#8230;&#8230;&#8230;&#8230;&#8230;&#8230;&#8230;&#8230;&#8230;&#8230;&#8230;,<\/p>\n<p>cunosc\u00e2nd prevederile art. 54 lit. i) din Legea nr. 188\/1999 privind Statutul func\u0163ionarilor publici, republicat\u0103, cu modific\u0103rile \u015fi complet\u0103rile ulterioare, declar pe propria r\u0103spundere c\u0103 \u00een ultimii 7 ani:<\/p>\n<p><strong>&#8211;<\/strong>\u00a0am fost \u25a1 destituit(\u0103) dintr-o func\u0163ie public\u0103<\/p>\n<p><strong>&#8211;<\/strong>\u00a0nu am fost \u25a1<\/p>\n<p>\u015fi\/sau<\/p>\n<p><strong>&#8211;<\/strong>\u00a0mi-a \u00eencetat \u25a1 contractul individual de munc\u0103<\/p>\n<p><strong>&#8211;<\/strong>\u00a0nu mi-a \u00eencetat \u25a1<\/p>\n<p>pentru motive disciplinare.<\/p>\n<p>Cunosc\u00e2nd prevederile art. 54 lit. j) din Legea nr. 188\/1999 privind Statutul func\u0163ionarilor publici, republicat\u0103, cu modific\u0103rile \u015fi complet\u0103rile ulterioare, declar pe propria r\u0103spundere c\u0103:<\/p>\n<p><strong>&#8211;<\/strong>\u00a0am desf\u0103\u015furat \u25a1<\/p>\n<p><strong>&#8211;<\/strong>\u00a0nu am desf\u0103\u015furat \u25a1<\/p>\n<p>activit\u0103\u0163i de poli\u0163ie politic\u0103, astfel cum este definit\u0103 prin lege.<\/p>\n<p>&nbsp;<\/p>\n<p><strong>Acord privind datele cu caracter personal<sup>7)<\/sup><\/strong><strong>\u00a0<\/strong><\/p>\n<p>\u25a1\u00a0 Sunt de acord cu transmiterea informa\u0163iilor \u015fi documentelor, inclusiv date cu caracter personal necesare \u00eendeplinirii atribu\u0163iilor membrilor comisiei de concurs, membrilor comisiei de solu\u0163ionare a contesta\u0163iilor \u015fi ale secretarului, \u00een format electronic.<\/p>\n<p>\u25a1\u00a0Consimt ca institu\u0163ia s\u0103 solicite organelor abilitate extrasul de pe cazierul judiciar cu scopul angaj\u0103rii \u015fi, \u00een acest sens, am completat \u015fi am depus la dosar cererea pus\u0103 la dispozi\u0163ie de institu\u0163ia organizatoare a concursului, cunosc\u00e2nd c\u0103 pot reveni oric\u00e2nd asupra consim\u0163\u0103m\u00e2ntului acordat prin prezenta.<\/p>\n<p>\u25a1\u00a0 Consimt ca institu\u0163ia s\u0103 solicite Agen\u0163iei Na\u0163ionale a Func\u0163ionarilor Publici extrasul de pe cazierul administrativ cu scopul constituirii dosarului de concurs\/examen \u00een vederea promov\u0103rii \u015fi, \u00een acest sens, am completat \u015fi am depus la dosar cererea pus\u0103 la dispozi\u0163ie de institu\u0163ia organizatoare a concursului, cunosc\u00e2nd c\u0103 pot reveni oric\u00e2nd asupra consim\u0163\u0103m\u00e2ntului acordat prin prezenta.<\/p>\n<p>\u25a1\u00a0 Sunt de acord cu prelucrarea ulterioar\u0103 a datelor cu caracter personal \u00een scopuri statistice \u015fi de cercetare.<\/p>\n<p>\u25a1\u00a0 Doresc s\u0103 primesc pe adresa de e-mail indicat\u0103 materiale de informare \u015fi promovare cu privire la activitatea institu\u0163iei \u015fi la domeniul func\u0163iei publice.<\/p>\n<p>Declar pe propria r\u0103spundere, cunosc\u00e2nd prevederile art. 326 din Codul penal cu privire la falsul in declara\u0163ii, c\u0103 datele furnizate \u00een acest formular sunt adev\u0103rate.<\/p>\n<p>&nbsp;<\/p>\n<p>&nbsp;<\/p>\n<p>Data\u00a0\u00a0\u00a0\u00a0\u00a0\u00a0\u00a0\u00a0\u00a0\u00a0\u00a0\u00a0\u00a0\u00a0\u00a0\u00a0\u00a0\u00a0\u00a0\u00a0\u00a0\u00a0\u00a0\u00a0\u00a0\u00a0\u00a0\u00a0\u00a0\u00a0\u00a0\u00a0\u00a0\u00a0\u00a0\u00a0\u00a0\u00a0\u00a0\u00a0\u00a0\u00a0\u00a0\u00a0\u00a0\u00a0\u00a0\u00a0\u00a0\u00a0\u00a0\u00a0\u00a0\u00a0\u00a0\u00a0\u00a0\u00a0\u00a0\u00a0\u00a0\u00a0\u00a0\u00a0\u00a0\u00a0\u00a0\u00a0\u00a0\u00a0\u00a0\u00a0\u00a0\u00a0\u00a0\u00a0\u00a0\u00a0\u00a0\u00a0\u00a0\u00a0\u00a0\u00a0\u00a0\u00a0\u00a0\u00a0\u00a0\u00a0\u00a0\u00a0\u00a0\u00a0\u00a0\u00a0\u00a0\u00a0\u00a0\u00a0\u00a0\u00a0\u00a0\u00a0\u00a0\u00a0\u00a0\u00a0\u00a0\u00a0\u00a0\u00a0\u00a0\u00a0\u00a0\u00a0\u00a0\u00a0\u00a0\u00a0\u00a0\u00a0\u00a0\u00a0\u00a0\u00a0\u00a0\u00a0\u00a0\u00a0\u00a0\u00a0\u00a0\u00a0 Semnatura<\/p>\n<p>\u2026\u2026\u2026\u2026\u2026\u2026\u2026\u2026\u00a0\u00a0\u00a0\u00a0\u00a0\u00a0\u00a0\u00a0\u00a0\u00a0\u00a0\u00a0\u00a0\u00a0\u00a0\u00a0\u00a0\u00a0\u00a0\u00a0\u00a0\u00a0\u00a0\u00a0\u00a0\u00a0\u00a0\u00a0\u00a0\u00a0\u00a0\u00a0\u00a0\u00a0\u00a0\u00a0\u00a0\u00a0\u00a0\u00a0\u00a0\u00a0\u00a0\u00a0\u00a0\u00a0\u00a0\u00a0\u00a0\u00a0\u00a0\u00a0 \u00a0\u00a0\u00a0\u00a0\u00a0\u00a0\u00a0\u00a0\u00a0\u00a0\u00a0\u00a0\u00a0\u00a0\u00a0\u00a0\u00a0\u00a0\u00a0\u00a0\u00a0\u00a0\u00a0\u00a0\u00a0\u00a0\u00a0\u00a0\u00a0\u00a0\u00a0\u00a0\u00a0\u00a0\u00a0\u00a0\u00a0\u00a0\u00a0\u00a0\u00a0\u00a0\u00a0\u00a0\u00a0\u00a0\u00a0\u00a0\u00a0\u00a0\u00a0\u00a0\u00a0 \u2026\u2026\u2026\u2026\u2026\u2026\u2026\u2026\u2026..<\/p>\n<p>&nbsp;<\/p>\n<p>&nbsp;<\/p>\n<p>&nbsp;<\/p>\n<p>&nbsp;<\/p>\n<p>&nbsp;<\/p>\n<p><strong><sup>1)<\/sup><\/strong>\u00a0Se vor trece calificativele &#8220;cuno\u015ftin\u0163e de baz\u0103&#8221;, &#8220;bine&#8221; sau &#8220;foarte bine&#8221;; calificativele men\u0163ionate corespund, \u00een grila de autoevaluare a Cadrului european comun de referin\u0163\u0103 pentru limbi str\u0103ine, nivelurilor &#8220;utilizator elementar&#8221;, &#8220;utilizator independent&#8221; \u015fi, respectiv, &#8220;utilizator experimentat&#8221;.<\/p>\n<p><strong><sup>2)<\/sup><\/strong>\u00a0Se va completa cu indicarea sistemelor de operare, editare sau orice alte categorii de programe IT pentru care exist\u0103 competen\u0163e de utilizare, precum \u015fi, dac\u0103 este cazul, cu informa\u0163ii despre diplomele, certificatele sau alte documente relevante care atest\u0103 de\u0163inerea respectivelor competen\u0163e.<\/p>\n<p><strong><sup>3)<\/sup><\/strong>\u00a0Se vor men\u0163iona \u00een ordine invers cronologic\u0103 informa\u0163iile despre activitatea profesional\u0103 anterioar\u0103.<\/p>\n<p><strong><sup>4)<\/sup><\/strong>\u00a0Se vor men\u0163iona calificativele acordate la evaluarea performan\u0163elor profesionale \u00een ultimii 2 ani, dac\u0103 este cazul.<\/p>\n<p><strong><sup>5)<\/sup><\/strong>\u00a0Vor fi men\u0163ionate numele \u015fi prenumele, locul de munc\u0103, func\u0163ia \u015fi num\u0103rul de telefon.<\/p>\n<p><strong><sup>6)<\/sup><\/strong>\u00a0Se va bifa cu &#8220;X&#8221; varianta pentru care candidatul \u00ee\u015fi asum\u0103 r\u0103spunderea declar\u0103rii.<\/p>\n<p><strong><sup>7)<\/sup><\/strong>\u00a0Se va bifa cu &#8220;X&#8221;, \u00een cazul \u00een care candidatul este de acord; \u00een comunicarea electronic\u0103 va fi folosit\u0103 adresa de e-mail indicat\u0103 de candidat \u00een prezentul formular, iar modelul cererii de consim\u0163\u0103m\u00e2nt pentru solicitarea extrasului de pe cazierul judiciar cu scopul angaj\u0103rii sau, dup\u0103 caz, extrasul de pe cazierul administrativ cu scopul constituirii dosarului de concurs\/examen \u00een vederea promov\u0103rii se pune la dispozi\u0163ie candidatului de c\u0103tre institu\u0163ia organizatoare a concursului.<\/p>\n<p>&nbsp;<\/p>\n<p>&nbsp;<\/p>\n<p>&nbsp;<\/p>\n<p>&nbsp;<\/p>\n<p>Denumire angajator<\/p>\n<p>Date de identificare ale angajatorului (adres\u0103 complet\u0103, CUI)<\/p>\n<p>Date de contact ale angajatorului (telefon, fax)<\/p>\n<p>Nr.de \u00eenregistrare<\/p>\n<p>Data \u00eenregistr\u0103rii<\/p>\n<p>&nbsp;<\/p>\n<hr \/>\n<p>&nbsp;<\/p>\n<p><sup>\u00a0<\/sup><\/p>\n<p style=\"text-align: center;\">\u00a0\u00a0\u00a0 <strong>ADEVERIN\u0162\u0102<\/strong><\/p>\n<p><strong>\u00a0<\/strong><\/p>\n<p>&nbsp;<\/p>\n<p>Prin prezenta se atest\u0103 faptul c\u0103 dl\/d-na&#8230;&#8230;&#8230;&#8230;&#8230;&#8230;&#8230;&#8230;&#8230;&#8230;&#8230;., posesor al\/a B.I.\/C.I&#8230;&#8230;&#8230;&#8230;&#8230;&#8230;&#8230;&#8230;&#8230;.., seria&#8230;&#8230;&#8230;&#8230;&#8230;&#8230;, nr&#8230;&#8230;&#8230;&#8230;&#8230;&#8230;, CNP&#8230;&#8230;&#8230;&#8230;&#8230;&#8230;&#8230;&#8230;&#8230;&#8230;&#8230;, a fost\/este angajatul &#8230;&#8230;&#8230;&#8230;&#8230;&#8230;&#8230;&#8230;., \u00een baza actului administrativ de numire nr&#8230;&#8230;&#8230;&#8230;&#8230;&#8230;\/contractului individual de munc\u0103, cu norm\u0103 \u00eentreag\u0103\/cu timp par\u0163ial de&#8230;&#8230;&#8230;.ore\/zi, \u00eencheiat pe durat\u0103 determinat\u0103\/nedeterminat\u0103, \u00eenregistrat \u00a0\u00een registrul general de eviden\u0163\u0103 a salaria\u0163ilor cu nr&#8230;&#8230;..\/&#8230;&#8230;&#8230;&#8230;&#8230;&#8230;&#8230;&#8230;. \u00a0, \u00een func\u0163ia\/meseria\/ocupa\u0163ia de <sup>1<\/sup>&#8230;&#8230;&#8230;&#8230;&#8230;&#8230;&#8230;&#8230;&#8230;&#8230;&#8230;&#8230;&#8230;.<\/p>\n<p>Pentru exercitarea atribu\u0163iilor stabilite \u00een fi\u015fa postului aferent\u0103 contractului individual de munc\u0103\/actului administrativ de numire au fost solicitate studii de nivel <sup>2<\/sup>&#8230;&#8230;&#8230;&#8230;&#8230;&#8230;&#8230; , \u00een specialitatea&#8230;&#8230;&#8230;&#8230;&#8230;&#8230;&#8230;..<\/p>\n<p>Pe durata execut\u0103rii contractului individual de munc\u0103\/raporturilor de serviciu, dl.\/\u00a0\u00a0\u00a0\u00a0\u00a0\u00a0\u00a0\u00a0\u00a0\u00a0\u00a0\u00a0\u00a0\u00a0\u00a0\u00a0\u00a0\u00a0\u00a0\u00a0\u00a0\u00a0\u00a0\u00a0\u00a0\u00a0\u00a0\u00a0\u00a0\u00a0\u00a0\u00a0\u00a0\u00a0\u00a0\u00a0\u00a0\u00a0\u00a0\u00a0\u00a0 d-na.\u00a0\u00a0 &#8230;&#8230;&#8230;&#8230;&#8230;&#8230;&#8230;&#8230;&#8230;&#8230;&#8230;&#8230;&#8230;&#8230;&#8230; \u00a0\u00a0a dob\u00e2ndit:<\/p>\n<p>&#8211; vechime \u00een munc\u0103: &#8230;&#8230;&#8230;&#8230;&#8230;&#8230;&#8230;ani&#8230;&#8230;..luni&#8230;&#8230;.zile;<\/p>\n<p>&#8211; vechime \u00een specialitatea studiilor: &#8230;&#8230;&#8230;&#8230;&#8230;&#8230;..ani&#8230;&#8230;&#8230;&#8230;.luni&#8230;&#8230;&#8230;.zile.<\/p>\n<p>Pe durata execut\u0103rii contractului individual de munc\u0103\/raporturilor de serviciu au intervenit urm\u0103toarele muta\u0163ii (modificarea, suspendarea, \u00eencetarea contractului individual de munc\u0103\/raporturilor de serviciu):<\/p>\n<p>&nbsp;<\/p>\n<table>\n<tbody>\n<tr>\n<td width=\"31\">Nr.crt<\/td>\n<td width=\"106\">Muta\u0163iaintervenit\u0103<\/td>\n<td width=\"69\">Data<\/td>\n<td width=\"197\">Meseria\/func\u0163ia\/ocupa\u0163ia cuindicarea clasei\/grada\u0163ieiprofesionale<\/td>\n<td width=\"235\">Nr. \u015fi data actului pe bazac\u0103ruia se face\u00eenscrierea \u015fi temeiul legal<\/td>\n<\/tr>\n<tr>\n<td width=\"31\"><\/td>\n<td width=\"106\"><\/td>\n<td width=\"69\"><\/td>\n<td width=\"197\"><\/td>\n<td width=\"235\"><\/td>\n<\/tr>\n<\/tbody>\n<\/table>\n<p>&nbsp;<\/p>\n<p>\u00cen perioada lucrat\u0103 a avut&#8230;&#8230;&#8230;&#8230;&#8230;&#8230;&#8230;&#8230;..zile de concediu medical \u015fi &#8230;&#8230;&#8230;&#8230;&#8230;&#8230;. concediu f\u0103r\u0103 plat\u0103.<\/p>\n<p>\u00cen perioada lucrat\u0103, d-lui\/d-nei&#8230;&#8230;&#8230;&#8230;&#8230;&#8230;&#8230;&#8230;&#8230;&#8230;.. nu i s-a aplicat nicio sanc\u0163iune disciplinar\u0103\/ i s-a aplicat sanc\u0163iunea disicplinar\u0103&#8230;&#8230;&#8230;&#8230;&#8230;&#8230;&#8230;&#8230;&#8230;&#8230;&#8230;<\/p>\n<p>&nbsp;<\/p>\n<p>Cunosc\u00e2nd normele penale incidente \u00een materia falsului \u00een declara\u0163ii, certific\u0103m c\u0103 datele cuprinse \u00een prezenta adeverin\u0163\u0103 sunt reale, exacte \u015fi complete.<\/p>\n<p>&nbsp;<\/p>\n<p>&nbsp;<\/p>\n<p>&nbsp;<\/p>\n<p>Data \u00a0\u00a0\u00a0\u00a0\u00a0\u00a0\u00a0\u00a0\u00a0\u00a0\u00a0\u00a0\u00a0\u00a0\u00a0\u00a0\u00a0\u00a0\u00a0\u00a0\u00a0\u00a0\u00a0\u00a0\u00a0\u00a0\u00a0\u00a0\u00a0\u00a0\u00a0\u00a0\u00a0\u00a0\u00a0\u00a0\u00a0\u00a0\u00a0\u00a0\u00a0\u00a0\u00a0\u00a0\u00a0\u00a0\u00a0\u00a0\u00a0\u00a0\u00a0 Numele \u015fi prenumele reprezentantului legal al angajatorului<sup>3<\/sup>,<\/p>\n<p>&nbsp;<\/p>\n<p>&nbsp;<\/p>\n<p>Semn\u0103tura reprezentantului legal al angajatorului,<\/p>\n<p>&nbsp;<\/p>\n<p>\u015etampila angajatorului<\/p>\n<p>&nbsp;<\/p>\n<p>&nbsp;<\/p>\n<p>&nbsp;<\/p>\n<p><sup>1<\/sup>\u00a0 &#8211; prin raportare la Clasificarea Ocupa\u0163iilor din Rom\u00e2nia \u015fi la actele normative care stabilesc func\u0163ii<\/p>\n<p><sup>2 <\/sup>\u00a0\u00a0&#8211; \u00a0se va indica nivelul de studii (mediu \/superior)<\/p>\n<p><sup>3<\/sup>\u00a0 &#8211; persoana care potrivit legii \/actelor juridice constitutive\/altor tipuri de acte legale reprezint\u0103 angajatorul \u00een rela\u0163iile cu ter\u0163ii<\/p>\n<p><strong>\u00a0<\/strong><\/p>\n<p><strong>\u00a0<\/strong><\/p>\n<p>&nbsp;<\/p>\n<p>&nbsp;<\/p>\n<p>&nbsp;<\/p>\n<p>&nbsp;<\/p>\n<p>&nbsp;<\/p>\n<p>&nbsp;<\/p>\n<p>&nbsp;<\/p>\n<p>&nbsp;<\/p>\n<p>&nbsp;<\/p>\n<p>&nbsp;<\/p>\n","protected":false},"excerpt":{"rendered":"<p>ANUN\u0162 &nbsp; &nbsp; Direc\u0163ia de Asisten\u0163\u0103 Social\u0103 a Municipiului Pite\u015fti, cu sediul \u00een bld. I.C. Br\u0103tianu nr. 56, Pite\u0219ti, jude\u021bul Arge\u0219, organizeaz\u0103 concurs de recrutare pentru ocuparea unei func\u021bii publice de execu\u021bie vacant\u0103 de inspector, clasa I, grad profesional superior<\/p>\n","protected":false},"author":1,"featured_media":0,"comment_status":"closed","ping_status":"closed","sticky":false,"template":"","format":"standard","meta":{"footnotes":""},"categories":[4],"tags":[],"class_list":["post-2225","post","type-post","status-publish","format-standard","hentry","category-anunturi"],"translation":{"provider":"WPGlobus","version":"3.0.0","language":"es","enabled_languages":["en","es","de","fr","ru"],"languages":{"en":{"title":true,"content":true,"excerpt":false},"es":{"title":false,"content":false,"excerpt":false},"de":{"title":false,"content":false,"excerpt":false},"fr":{"title":false,"content":false,"excerpt":false},"ru":{"title":false,"content":false,"excerpt":false}}},"_links":{"self":[{"href":"https:\/\/www.dasp.ro\/es\/wp-json\/wp\/v2\/posts\/2225","targetHints":{"allow":["GET"]}}],"collection":[{"href":"https:\/\/www.dasp.ro\/es\/wp-json\/wp\/v2\/posts"}],"about":[{"href":"https:\/\/www.dasp.ro\/es\/wp-json\/wp\/v2\/types\/post"}],"author":[{"embeddable":true,"href":"https:\/\/www.dasp.ro\/es\/wp-json\/wp\/v2\/users\/1"}],"replies":[{"embeddable":true,"href":"https:\/\/www.dasp.ro\/es\/wp-json\/wp\/v2\/comments?post=2225"}],"version-history":[{"count":19,"href":"https:\/\/www.dasp.ro\/es\/wp-json\/wp\/v2\/posts\/2225\/revisions"}],"predecessor-version":[{"id":2260,"href":"https:\/\/www.dasp.ro\/es\/wp-json\/wp\/v2\/posts\/2225\/revisions\/2260"}],"wp:attachment":[{"href":"https:\/\/www.dasp.ro\/es\/wp-json\/wp\/v2\/media?parent=2225"}],"wp:term":[{"taxonomy":"category","embeddable":true,"href":"https:\/\/www.dasp.ro\/es\/wp-json\/wp\/v2\/categories?post=2225"},{"taxonomy":"post_tag","embeddable":true,"href":"https:\/\/www.dasp.ro\/es\/wp-json\/wp\/v2\/tags?post=2225"}],"curies":[{"name":"wp","href":"https:\/\/api.w.org\/{rel}","templated":true}]}}