{"id":6868,"date":"2022-06-29T11:08:35","date_gmt":"2022-06-29T08:08:35","guid":{"rendered":"http:\/\/www.dasp.ro\/?p=6868"},"modified":"2022-06-29T11:15:54","modified_gmt":"2022-06-29T08:15:54","slug":"rezultatul-selectiei-dosarelor-candidatilor-inscrisi-la-concursul-organizat-in-data-de-05-07-2022-pentru-ocuparea-a-5-posturi-contractuale-vacante-de-asistent-medical-pl-din-cadrul-serviciului-de-a","status":"publish","type":"post","link":"https:\/\/www.dasp.ro\/ru\/rezultatul-selectiei-dosarelor-candidatilor-inscrisi-la-concursul-organizat-in-data-de-05-07-2022-pentru-ocuparea-a-5-posturi-contractuale-vacante-de-asistent-medical-pl-din-cadrul-serviciului-de-a\/","title":{"rendered":"Rezultatul selec\u0163iei dosarelor candida\u0163ilor \u00eenscri\u015fi la concursul organizat \u00een data de 05.07.2022  pentru ocuparea a 5 posturi contractuale vacante de asistent medical (PL) din cadrul Serviciului de Asisten\u021b\u0103 Medical\u0103-Compartimentul Asisten\u021b\u0103 Medical\u0103 \u0218colar\u0103"},"content":{"rendered":"\n<p>JUDE\u0162UL ARGE\u015e<\/p>\n\n\n\n<p>MUNICIPIUL PITE\u0218TI<\/p>\n\n\n\n<p>CONSILIUL LOCAL<\/p>\n\n\n\n<p>Direc\u0163ia de Asisten\u0163\u0103 Social\u0103 a Municipiului Pite\u015fti&nbsp;&nbsp;&nbsp;&nbsp;&nbsp;&nbsp;&nbsp;&nbsp;&nbsp;&nbsp;&nbsp;&nbsp;&nbsp;&nbsp;&nbsp;&nbsp;&nbsp;&nbsp;&nbsp;&nbsp;&nbsp;&nbsp;&nbsp;&nbsp;&nbsp;&nbsp;&nbsp;&nbsp;&nbsp;&nbsp;&nbsp;&nbsp;&nbsp;&nbsp;&nbsp;&nbsp;&nbsp;&nbsp;&nbsp;&nbsp;&nbsp;&nbsp;&nbsp;&nbsp;&nbsp;&nbsp;&nbsp;&nbsp;&nbsp;&nbsp;&nbsp;&nbsp;&nbsp;&nbsp;&nbsp;&nbsp;&nbsp;&nbsp;&nbsp;&nbsp;&nbsp;&nbsp;&nbsp;&nbsp;&nbsp;&nbsp;&nbsp;&nbsp;&nbsp;&nbsp;&nbsp;&nbsp;&nbsp;&nbsp;&nbsp;&nbsp;&nbsp;&nbsp;&nbsp;&nbsp;&nbsp;&nbsp;&nbsp;&nbsp;&nbsp;&nbsp;&nbsp;&nbsp;&nbsp;&nbsp;&nbsp;&nbsp;&nbsp;&nbsp;&nbsp;&nbsp;&nbsp;&nbsp;&nbsp;&nbsp;&nbsp;&nbsp;&nbsp;&nbsp;&nbsp;&nbsp;&nbsp;&nbsp;&nbsp;&nbsp;&nbsp;&nbsp;&nbsp;&nbsp;&nbsp;&nbsp;&nbsp;&nbsp;&nbsp;&nbsp;&nbsp;&nbsp;&nbsp;&nbsp;&nbsp;&nbsp;&nbsp;&nbsp;&nbsp;&nbsp;&nbsp;&nbsp;&nbsp;&nbsp;&nbsp;&nbsp;&nbsp;&nbsp;&nbsp;&nbsp;&nbsp;&nbsp;&nbsp;&nbsp;&nbsp;&nbsp;&nbsp;<\/p>\n\n\n\n<p>Anexa la Procesul Verbal nr. <strong><u>13025\/28.06.2022<\/u><\/strong><\/p>\n\n\n\n<div style=\"height:100px\" aria-hidden=\"true\" class=\"wp-block-spacer\"><\/div>\n\n\n\n<p class=\"has-text-align-center\"><strong>REZULTATUL<\/strong><\/p>\n\n\n\n<p>selec\u0163iei dosarelor candida\u0163ilor \u00eenscri\u015fi la concursul organizat \u00een data de 05.07.2022, &nbsp;<strong>pentru ocuparea a 5<\/strong> <strong>posturi contractuale vacante<\/strong> <strong>de asistent medical (PL) din cadrul Serviciului de Asisten\u021b\u0103 Medical\u0103-Compartimentul Asisten\u021b\u0103 Medical\u0103 \u0218colar\u0103<\/strong><\/p>\n\n\n\n<div style=\"height:100px\" aria-hidden=\"true\" class=\"wp-block-spacer\"><\/div>\n\n\n\n<p>&nbsp;&nbsp;&nbsp;&nbsp;&nbsp;&nbsp;&nbsp;&nbsp;&nbsp;&nbsp;&nbsp; Av\u00e2nd \u00een vedere prevederile Regulamentului- Cadru privind stabilirea principiilor generale de ocupare a unui post vacant sau temporar vacant corespunz\u0103tor func\u0163iilor contractuale \u015fi a criteriilor de promovare \u00een grade sau trepte profesionale imediat superioare a personalului contractual din sectorul bugetar pl\u0103tit din fonduri publice, aprobat prin anexa la H.G.R. nr. 286\/2011, cu modific\u0103rile \u0219i complet\u0103rile ulterioare, comisia de concurs comunic\u0103 urm\u0103torul rezultat :<\/p>\n\n\n\n<figure class=\"wp-block-table\"><table><tbody><tr><td>Nr. crt.<\/td><td>Numele \u0219i prenumele candidatului &nbsp;<\/td><td>Rezultatul selec\u021biei dosarelor Admis\/Respins<\/td><td>Motivul respingerii<\/td><\/tr><tr><td>&nbsp;1<\/td><td>Badea Daniela<\/td><td>ADMIS<\/td><td>&#8211;<\/td><\/tr><tr><td>&nbsp;2<\/td><td>Baicea Elena-Mihaela<\/td><td>ADMIS<\/td><td>&#8211;<\/td><\/tr><tr><td>&nbsp;3<\/td><td>Buchete Carmen-Laura<\/td><td>ADMIS<\/td><td>&#8211;<\/td><\/tr><tr><td>&nbsp;4<\/td><td>C\u00eerstea George-C\u0103t\u0103lin<\/td><td>ADMIS<\/td><td>&#8211;<\/td><\/tr><tr><td>&nbsp;5<\/td><td>Constantinescu Mihaela<\/td><td>ADMIS<\/td><td>&#8211;<\/td><\/tr><tr><td> 6<\/td><td>Dumitru Stelu\u021ba-Iulia<\/td><td>ADMIS<\/td><td>&#8211;<\/td><\/tr><tr><td>&nbsp;7<\/td><td>Georgescu Bianca-Elena<\/td><td>ADMIS<\/td><td>&#8211;<\/td><\/tr><tr><td>&nbsp;8<\/td><td>Ilie Florentina-Claudia<\/td><td>ADMIS<\/td><td>&#8211;<\/td><\/tr><tr><td>&nbsp;9&nbsp;<\/td><td>Ionescu Loredana-Maria<\/td><td>ADMIS<\/td><td>&#8211;<\/td><\/tr><tr><td>&nbsp;10<\/td><td>Iosif Elena-Mihaela<\/td><td>ADMIS<\/td><td>&#8211;<\/td><\/tr><tr><td>&nbsp;11<\/td><td>Iva\u0219cu Ana-Maria<\/td><td>ADMIS<\/td><td>&#8211;<\/td><\/tr><tr><td>&nbsp;12<\/td><td>Lix\u0103ndroiu Virginia<\/td><td>ADMIS<\/td><td>&#8211;<\/td><\/tr><tr><td> 13<\/td><td>M\u0103r\u0103\u0219oiu Clara-Florina<\/td><td>ADMIS<\/td><td>&#8211;<\/td><\/tr><tr><td>&nbsp;14<\/td><td>Marin Adriana<\/td><td>ADMIS<\/td><td>&#8211;<\/td><\/tr><tr><td>&nbsp;15<\/td><td>Marin Mirela-Stelu\u021ba<\/td><td>ADMIS<\/td><td>&#8211;<\/td><\/tr><tr><td>&nbsp;16<\/td><td>Moag\u0103 Florentina-M\u0103d\u0103lina<\/td><td>ADMIS<\/td><td>&#8211;<\/td><\/tr><tr><td>&nbsp;17<\/td><td>Mocanu Cristina-Loredana<\/td><td>ADMIS<\/td><td>&#8211;<\/td><\/tr><tr><td>&nbsp;18<\/td><td>Nicolae Florina-Manuela<\/td><td>ADMIS<\/td><td>&#8211;<\/td><\/tr><tr><td>&nbsp;19<\/td><td>Picui Mihaela-Elena<\/td><td>ADMIS<\/td><td>&#8211;<\/td><\/tr><tr><td> 20&nbsp;<\/td><td>Preda Oana-Mihaela<\/td><td>ADMIS<\/td><td>&#8211;<\/td><\/tr><tr><td>&nbsp;21<\/td><td>Udroiu Elena-M\u0103d\u0103lina<\/td><td>ADMIS<\/td><td>&#8211;<\/td><\/tr><tr><td>&nbsp;22<\/td><td>Voinea Maria-\u0218tefania<\/td><td>ADMIS<\/td><td>&#8211;<\/td><\/tr><tr><td>&nbsp;23<\/td><td>Zamfirescu Carmen-Costiana<\/td><td>ADMIS<\/td><td>&#8211;<\/td><\/tr><\/tbody><\/table><\/figure>\n\n\n\n<p><strong>NOTA:<\/strong>&nbsp; Candida\u0163ii declara\u0163i admi\u015fi vor sustine proba scris\u0103 \u00een data de <strong>05.07.2022 ora 10<sup>00<\/sup>, la Scoala Gimnaziala nr.13 &#8220;Mircea cel B\u0103tr\u00e2n&#8221;, din Pite\u0219ti, cartier Trivale, strada Zimbrului, nr.3, etaj 1, sala nr.15 \u0219i sala nr.16 <\/strong>(intrarea se face prin curtea \u0219colii).<\/p>\n\n\n\n<p>&nbsp;&nbsp;&nbsp;&nbsp;&nbsp;&nbsp;&nbsp;&nbsp;&nbsp;&nbsp; &#8211;&nbsp;&nbsp; Candida\u0163ii nemul\u0163umi\u0163i pot depune contesta\u0163ie \u00een termen de cel mult o zi lucr\u0103toare de la data afi\u0219\u0103rii rezultatului selec\u021biei dosarelor, la sediul Directiei de Asistenta Sociala a Municipiului Pitesti.<\/p>\n\n\n\n<p>&#8211; Afi\u015fat ast\u0103zi, 29.06.2022, ora 11<sup>00<\/sup> la sediul \u0219i pe pagina de internet a Directiei de Asistenta Sociala a Municipiului Pitesti (<em><em><a href=\"https:\/\/www.dasp.ro\/\">www.dasp.ro<\/a><\/em><\/em>).<\/p>\n\n\n\n<p><strong>&nbsp;&nbsp;&nbsp;&nbsp;&nbsp;&nbsp;&nbsp;&nbsp;&nbsp;&nbsp;&nbsp;&nbsp;&nbsp;&nbsp;&nbsp;&nbsp;&nbsp;&nbsp;&nbsp;&nbsp;&nbsp;&nbsp;&nbsp;&nbsp;&nbsp;&nbsp;&nbsp;&nbsp;&nbsp;&nbsp;&nbsp;&nbsp;&nbsp;&nbsp;&nbsp;&nbsp;&nbsp;&nbsp;&nbsp;&nbsp;&nbsp;&nbsp;&nbsp;&nbsp;&nbsp;&nbsp;&nbsp;&nbsp;&nbsp;&nbsp;&nbsp;&nbsp;&nbsp;&nbsp;&nbsp;&nbsp;&nbsp;&nbsp;&nbsp;&nbsp; Secretar comisie de concurs<\/strong><\/p>\n\n\n\n<div style=\"height:100px\" aria-hidden=\"true\" class=\"wp-block-spacer\"><\/div>\n","protected":false},"excerpt":{"rendered":"<p>JUDE\u0162UL ARGE\u015e MUNICIPIUL PITE\u0218TI CONSILIUL LOCAL Direc\u0163ia de Asisten\u0163\u0103 Social\u0103 a Municipiului Pite\u015fti&nbsp;&nbsp;&nbsp;&nbsp;&nbsp;&nbsp;&nbsp;&nbsp;&nbsp;&nbsp;&nbsp;&nbsp;&nbsp;&nbsp;&nbsp;&nbsp;&nbsp;&nbsp;&nbsp;&nbsp;&nbsp;&nbsp;&nbsp;&nbsp;&nbsp;&nbsp;&nbsp;&nbsp;&nbsp;&nbsp;&nbsp;&nbsp;&nbsp;&nbsp;&nbsp;&nbsp;&nbsp;&nbsp;&nbsp;&nbsp;&nbsp;&nbsp;&nbsp;&nbsp;&nbsp;&nbsp;&nbsp;&nbsp;&nbsp;&nbsp;&nbsp;&nbsp;&nbsp;&nbsp;&nbsp;&nbsp;&nbsp;&nbsp;&nbsp;&nbsp;&nbsp;&nbsp;&nbsp;&nbsp;&nbsp;&nbsp;&nbsp;&nbsp;&nbsp;&nbsp;&nbsp;&nbsp;&nbsp;&nbsp;&nbsp;&nbsp;&nbsp;&nbsp;&nbsp;&nbsp;&nbsp;&nbsp;&nbsp;&nbsp;&nbsp;&nbsp;&nbsp;&nbsp;&nbsp;&nbsp;&nbsp;&nbsp;&nbsp;&nbsp;&nbsp;&nbsp;&nbsp;&nbsp;&nbsp;&nbsp;&nbsp;&nbsp;&nbsp;&nbsp;&nbsp;&nbsp;&nbsp;&nbsp;&nbsp;&nbsp;&nbsp;&nbsp;&nbsp;&nbsp;&nbsp;&nbsp;&nbsp;&nbsp;&nbsp;&nbsp;&nbsp;&nbsp;&nbsp;&nbsp;&nbsp;&nbsp;&nbsp;&nbsp;&nbsp;&nbsp;&nbsp;&nbsp;&nbsp;&nbsp;&nbsp;&nbsp;&nbsp;&nbsp;&nbsp;&nbsp;&nbsp;&nbsp;&nbsp;&nbsp;&nbsp;&nbsp;&nbsp; Anexa la Procesul Verbal nr. 13025\/28.06.2022 REZULTATUL selec\u0163iei dosarelor candida\u0163ilor \u00eenscri\u015fi la concursul organizat \u00een data de 05.07.2022, &nbsp;pentru ocuparea a 5 posturi contractuale vacante de asistent<\/p>\n","protected":false},"author":1,"featured_media":0,"comment_status":"closed","ping_status":"closed","sticky":false,"template":"","format":"standard","meta":{"footnotes":""},"categories":[4],"tags":[],"class_list":["post-6868","post","type-post","status-publish","format-standard","hentry","category-anunturi"],"translation":{"provider":"WPGlobus","version":"3.0.0","language":"ru","enabled_languages":["en","es","de","fr","ru"],"languages":{"en":{"title":true,"content":true,"excerpt":false},"es":{"title":false,"content":false,"excerpt":false},"de":{"title":false,"content":false,"excerpt":false},"fr":{"title":false,"content":false,"excerpt":false},"ru":{"title":false,"content":false,"excerpt":false}}},"_links":{"self":[{"href":"https:\/\/www.dasp.ro\/ru\/wp-json\/wp\/v2\/posts\/6868","targetHints":{"allow":["GET"]}}],"collection":[{"href":"https:\/\/www.dasp.ro\/ru\/wp-json\/wp\/v2\/posts"}],"about":[{"href":"https:\/\/www.dasp.ro\/ru\/wp-json\/wp\/v2\/types\/post"}],"author":[{"embeddable":true,"href":"https:\/\/www.dasp.ro\/ru\/wp-json\/wp\/v2\/users\/1"}],"replies":[{"embeddable":true,"href":"https:\/\/www.dasp.ro\/ru\/wp-json\/wp\/v2\/comments?post=6868"}],"version-history":[{"count":3,"href":"https:\/\/www.dasp.ro\/ru\/wp-json\/wp\/v2\/posts\/6868\/revisions"}],"predecessor-version":[{"id":6871,"href":"https:\/\/www.dasp.ro\/ru\/wp-json\/wp\/v2\/posts\/6868\/revisions\/6871"}],"wp:attachment":[{"href":"https:\/\/www.dasp.ro\/ru\/wp-json\/wp\/v2\/media?parent=6868"}],"wp:term":[{"taxonomy":"category","embeddable":true,"href":"https:\/\/www.dasp.ro\/ru\/wp-json\/wp\/v2\/categories?post=6868"},{"taxonomy":"post_tag","embeddable":true,"href":"https:\/\/www.dasp.ro\/ru\/wp-json\/wp\/v2\/tags?post=6868"}],"curies":[{"name":"wp","href":"https:\/\/api.w.org\/{rel}","templated":true}]}}